{"id":10440,"date":"2013-05-13T21:41:27","date_gmt":"2013-05-13T20:41:27","guid":{"rendered":"http:\/\/trine.waaktaar.com\/?p=10440"},"modified":"2013-05-13T21:41:27","modified_gmt":"2013-05-13T20:41:27","slug":"drittvaer-i-dag-bikkjekaldt-til-natten-var-det-noe-mer","status":"publish","type":"post","link":"https:\/\/www.kuretoppen.no\/?p=10440","title":{"rendered":"Drittv\u00e6r i dag, bikkjekaldt til natten. Var det noe mer?"},"content":{"rendered":"<p>Meteorologisk institutt bommer ofte, men dagens drittv\u00e6r var en varslet aff\u00e6re. Makan til tr\u00f8stesl\u00f8s dag! For \u00e5 gj\u00f8re det hele komplett er det meldt bikkjekaldt til natten &#8211; to usle varmegrader p\u00e5 det kaldeste. Jeg har allerede v\u00e6rt ute og lagt tepper, duker og potter over endel av staudene jeg har plantet ut i helga. N\u00e5 skal du bare se at det Yr.no kaller &#8216;Frisk bris&#8217; i l\u00f8pet av natten som kommer r\u00f8sker med seg alle tekstiler og plastpotter jeg m\u00f8ysommelig og omsorgsfullt har plassert over skj\u00f8re vekster og velter omkring p\u00e5 det slik at det kapper hodene av det de skulle beskytte og alt som st\u00e5r i n\u00e6rheten i tillegg.  Hvis det hadde v\u00e6rt mulig \u00e5 banne hagen varm hadde det v\u00e6rt tropiske temperaturer p\u00e5 Kuretoppen n\u00e5&#8230;<br \/>\n<a href=\"https:\/\/i0.wp.com\/trine.waaktaar.com\/wp-content\/uploads\/2013\/05\/0021.jpg\"><img data-recalc-dims=\"1\" loading=\"lazy\" decoding=\"async\" data-attachment-id=\"10441\" data-permalink=\"https:\/\/www.kuretoppen.no\/?attachment_id=10441\" data-orig-file=\"https:\/\/i0.wp.com\/www.kuretoppen.no\/wp-content\/uploads\/2013\/05\/0021.jpg?fit=1024%2C768&amp;ssl=1\" data-orig-size=\"1024,768\" data-comments-opened=\"1\" data-image-meta=\"{&quot;aperture&quot;:&quot;3&quot;,&quot;credit&quot;:&quot;&quot;,&quot;camera&quot;:&quot;Canon IXUS 230 HS&quot;,&quot;caption&quot;:&quot;&quot;,&quot;created_timestamp&quot;:&quot;1368453220&quot;,&quot;copyright&quot;:&quot;&quot;,&quot;focal_length&quot;:&quot;5&quot;,&quot;iso&quot;:&quot;200&quot;,&quot;shutter_speed&quot;:&quot;0.008&quot;,&quot;title&quot;:&quot;&quot;}\" data-image-title=\"002\" data-image-description=\"\" data-image-caption=\"\" data-medium-file=\"https:\/\/i0.wp.com\/www.kuretoppen.no\/wp-content\/uploads\/2013\/05\/0021.jpg?fit=300%2C225&amp;ssl=1\" data-large-file=\"https:\/\/i0.wp.com\/www.kuretoppen.no\/wp-content\/uploads\/2013\/05\/0021.jpg?fit=640%2C480&amp;ssl=1\" class=\"alignleft size-full wp-image-10441\" alt=\"002\" src=\"https:\/\/i0.wp.com\/trine.waaktaar.com\/wp-content\/uploads\/2013\/05\/0021.jpg?resize=640%2C480\" width=\"640\" height=\"480\" srcset=\"https:\/\/i0.wp.com\/www.kuretoppen.no\/wp-content\/uploads\/2013\/05\/0021.jpg?w=1024&amp;ssl=1 1024w, https:\/\/i0.wp.com\/www.kuretoppen.no\/wp-content\/uploads\/2013\/05\/0021.jpg?resize=300%2C225&amp;ssl=1 300w, https:\/\/i0.wp.com\/www.kuretoppen.no\/wp-content\/uploads\/2013\/05\/0021.jpg?resize=150%2C112&amp;ssl=1 150w, https:\/\/i0.wp.com\/www.kuretoppen.no\/wp-content\/uploads\/2013\/05\/0021.jpg?resize=400%2C300&amp;ssl=1 400w\" sizes=\"auto, (max-width: 640px) 100vw, 640px\" \/><\/a><\/p>\n","protected":false},"excerpt":{"rendered":"<p>Meteorologisk institutt bommer ofte, men dagens drittv\u00e6r var en varslet aff\u00e6re. Makan til tr\u00f8stesl\u00f8s dag! For \u00e5 gj\u00f8re det hele komplett er det meldt bikkjekaldt til natten &#8211; to usle varmegrader p\u00e5 det kaldeste. Jeg har allerede v\u00e6rt ute og lagt tepper, duker og potter over endel av staudene jeg har plantet ut i helga. [&#8230;]<\/p>\n","protected":false},"author":1,"featured_media":0,"comment_status":"open","ping_status":"open","sticky":false,"template":"","format":"standard","meta":{"jetpack_post_was_ever_published":false,"_jetpack_newsletter_access":"","_jetpack_dont_email_post_to_subs":false,"_jetpack_newsletter_tier_id":0,"_jetpack_memberships_contains_paywalled_content":false,"_jetpack_memberships_contains_paid_content":false,"footnotes":"","jetpack_publicize_message":"","jetpack_publicize_feature_enabled":true,"jetpack_social_post_already_shared":false,"jetpack_social_options":{"image_generator_settings":{"template":"highway","default_image_id":0,"font":"","enabled":false},"version":2}},"categories":[379],"tags":[],"class_list":["post-10440","post","type-post","status-publish","format-standard","hentry","category-darlig-vaer","odd"],"aioseo_notices":[],"jetpack_publicize_connections":[],"jetpack_featured_media_url":"","jetpack_shortlink":"https:\/\/wp.me\/p6gK7b-2Io","jetpack-related-posts":[],"jetpack_sharing_enabled":true,"_links":{"self":[{"href":"https:\/\/www.kuretoppen.no\/index.php?rest_route=\/wp\/v2\/posts\/10440","targetHints":{"allow":["GET"]}}],"collection":[{"href":"https:\/\/www.kuretoppen.no\/index.php?rest_route=\/wp\/v2\/posts"}],"about":[{"href":"https:\/\/www.kuretoppen.no\/index.php?rest_route=\/wp\/v2\/types\/post"}],"author":[{"embeddable":true,"href":"https:\/\/www.kuretoppen.no\/index.php?rest_route=\/wp\/v2\/users\/1"}],"replies":[{"embeddable":true,"href":"https:\/\/www.kuretoppen.no\/index.php?rest_route=%2Fwp%2Fv2%2Fcomments&post=10440"}],"version-history":[{"count":0,"href":"https:\/\/www.kuretoppen.no\/index.php?rest_route=\/wp\/v2\/posts\/10440\/revisions"}],"wp:attachment":[{"href":"https:\/\/www.kuretoppen.no\/index.php?rest_route=%2Fwp%2Fv2%2Fmedia&parent=10440"}],"wp:term":[{"taxonomy":"category","embeddable":true,"href":"https:\/\/www.kuretoppen.no\/index.php?rest_route=%2Fwp%2Fv2%2Fcategories&post=10440"},{"taxonomy":"post_tag","embeddable":true,"href":"https:\/\/www.kuretoppen.no\/index.php?rest_route=%2Fwp%2Fv2%2Ftags&post=10440"}],"curies":[{"name":"wp","href":"https:\/\/api.w.org\/{rel}","templated":true}]}}