{"id":14428,"date":"2015-05-30T17:16:57","date_gmt":"2015-05-30T16:16:57","guid":{"rendered":"http:\/\/trine.waaktaar.com\/?p=14428"},"modified":"2015-05-30T17:41:44","modified_gmt":"2015-05-30T16:41:44","slug":"hvem-bor-her-tro","status":"publish","type":"post","link":"https:\/\/www.kuretoppen.no\/?p=14428","title":{"rendered":"Hvem bor her, tro?"},"content":{"rendered":"<p>Tidlig i v\u00e5r tettet jeg dette hullet under bergsprekken i den tro at det var en misforst\u00e5else at det var et hull der. Det var det \u00e5penbert ikke. Hver gang jeg sjekker har det skjedd en utvidelse av \u00e5pningen, og det er n\u00e5 klart for enhver at dette er inngangspartiet til en eller annen. Pyntet med blomster og alt mulig. Jeg oppfordrer herved vedkommende til \u00e5 gj\u00f8re seg til kjenne og komme og hilse p\u00e5. Fortrinnsvis p\u00e5 h\u00f8ylys dag, og med gode hensikter. I motsatt fall foretrekker jeg egentlig \u00e5 forbli i naiv uvitenhet om dette naboskapet. Det er blitt ganske urovekkende stor, dette inngangspartiet&#8230;<\/p>\n<p><a href=\"https:\/\/i0.wp.com\/trine.waaktaar.com\/wp-content\/uploads\/2015\/05\/P1090724.jpg\"><img data-recalc-dims=\"1\" loading=\"lazy\" decoding=\"async\" data-attachment-id=\"14414\" data-permalink=\"https:\/\/www.kuretoppen.no\/?attachment_id=14414\" data-orig-file=\"https:\/\/i0.wp.com\/www.kuretoppen.no\/wp-content\/uploads\/2015\/05\/P1090724.jpg?fit=1024%2C768&amp;ssl=1\" data-orig-size=\"1024,768\" data-comments-opened=\"1\" data-image-meta=\"{&quot;aperture&quot;:&quot;3.3&quot;,&quot;credit&quot;:&quot;&quot;,&quot;camera&quot;:&quot;DMC-FT5&quot;,&quot;caption&quot;:&quot;&quot;,&quot;created_timestamp&quot;:&quot;1432996834&quot;,&quot;copyright&quot;:&quot;&quot;,&quot;focal_length&quot;:&quot;4.9&quot;,&quot;iso&quot;:&quot;500&quot;,&quot;shutter_speed&quot;:&quot;0.004&quot;,&quot;title&quot;:&quot;&quot;,&quot;orientation&quot;:&quot;1&quot;}\" data-image-title=\"P1090724\" data-image-description=\"\" data-image-caption=\"\" data-medium-file=\"https:\/\/i0.wp.com\/www.kuretoppen.no\/wp-content\/uploads\/2015\/05\/P1090724.jpg?fit=300%2C225&amp;ssl=1\" data-large-file=\"https:\/\/i0.wp.com\/www.kuretoppen.no\/wp-content\/uploads\/2015\/05\/P1090724.jpg?fit=640%2C480&amp;ssl=1\" class=\"alignleft size-full wp-image-14414\" src=\"https:\/\/i0.wp.com\/trine.waaktaar.com\/wp-content\/uploads\/2015\/05\/P1090724.jpg?resize=640%2C480\" alt=\"P1090724\" width=\"640\" height=\"480\" srcset=\"https:\/\/i0.wp.com\/www.kuretoppen.no\/wp-content\/uploads\/2015\/05\/P1090724.jpg?w=1024&amp;ssl=1 1024w, https:\/\/i0.wp.com\/www.kuretoppen.no\/wp-content\/uploads\/2015\/05\/P1090724.jpg?resize=300%2C225&amp;ssl=1 300w, https:\/\/i0.wp.com\/www.kuretoppen.no\/wp-content\/uploads\/2015\/05\/P1090724.jpg?resize=150%2C113&amp;ssl=1 150w, https:\/\/i0.wp.com\/www.kuretoppen.no\/wp-content\/uploads\/2015\/05\/P1090724.jpg?resize=400%2C300&amp;ssl=1 400w\" sizes=\"auto, (max-width: 640px) 100vw, 640px\" \/><\/a><\/p>\n","protected":false},"excerpt":{"rendered":"<p>Tidlig i v\u00e5r tettet jeg dette hullet under bergsprekken i den tro at det var en misforst\u00e5else at det var et hull der. Det var det \u00e5penbert ikke. Hver gang jeg sjekker har det skjedd en utvidelse av \u00e5pningen, og det er n\u00e5 klart for enhver at dette er inngangspartiet til en eller annen. Pyntet [&#8230;]<\/p>\n","protected":false},"author":1,"featured_media":0,"comment_status":"open","ping_status":"open","sticky":false,"template":"","format":"standard","meta":{"jetpack_post_was_ever_published":false,"_jetpack_newsletter_access":"","_jetpack_dont_email_post_to_subs":false,"_jetpack_newsletter_tier_id":0,"_jetpack_memberships_contains_paywalled_content":false,"_jetpack_memberships_contains_paid_content":false,"footnotes":"","jetpack_publicize_message":"","jetpack_publicize_feature_enabled":true,"jetpack_social_post_already_shared":false,"jetpack_social_options":{"image_generator_settings":{"template":"highway","default_image_id":0,"font":"","enabled":false},"version":2}},"categories":[97],"tags":[],"class_list":["post-14428","post","type-post","status-publish","format-standard","hentry","category-nei-hva","odd"],"aioseo_notices":[],"jetpack_publicize_connections":[],"jetpack_featured_media_url":"","jetpack_shortlink":"https:\/\/wp.me\/p6gK7b-3KI","jetpack-related-posts":[],"jetpack_sharing_enabled":true,"_links":{"self":[{"href":"https:\/\/www.kuretoppen.no\/index.php?rest_route=\/wp\/v2\/posts\/14428","targetHints":{"allow":["GET"]}}],"collection":[{"href":"https:\/\/www.kuretoppen.no\/index.php?rest_route=\/wp\/v2\/posts"}],"about":[{"href":"https:\/\/www.kuretoppen.no\/index.php?rest_route=\/wp\/v2\/types\/post"}],"author":[{"embeddable":true,"href":"https:\/\/www.kuretoppen.no\/index.php?rest_route=\/wp\/v2\/users\/1"}],"replies":[{"embeddable":true,"href":"https:\/\/www.kuretoppen.no\/index.php?rest_route=%2Fwp%2Fv2%2Fcomments&post=14428"}],"version-history":[{"count":2,"href":"https:\/\/www.kuretoppen.no\/index.php?rest_route=\/wp\/v2\/posts\/14428\/revisions"}],"predecessor-version":[{"id":14434,"href":"https:\/\/www.kuretoppen.no\/index.php?rest_route=\/wp\/v2\/posts\/14428\/revisions\/14434"}],"wp:attachment":[{"href":"https:\/\/www.kuretoppen.no\/index.php?rest_route=%2Fwp%2Fv2%2Fmedia&parent=14428"}],"wp:term":[{"taxonomy":"category","embeddable":true,"href":"https:\/\/www.kuretoppen.no\/index.php?rest_route=%2Fwp%2Fv2%2Fcategories&post=14428"},{"taxonomy":"post_tag","embeddable":true,"href":"https:\/\/www.kuretoppen.no\/index.php?rest_route=%2Fwp%2Fv2%2Ftags&post=14428"}],"curies":[{"name":"wp","href":"https:\/\/api.w.org\/{rel}","templated":true}]}}