{"id":15586,"date":"2016-03-18T21:20:08","date_gmt":"2016-03-18T20:20:08","guid":{"rendered":"http:\/\/trine.waaktaar.com\/?p=15586"},"modified":"2016-04-08T20:58:42","modified_gmt":"2016-04-08T19:58:42","slug":"spettmeis-pa-fuglekassevisning","status":"publish","type":"post","link":"https:\/\/www.kuretoppen.no\/?p=15586","title":{"rendered":"Spettmeis igang med fuglekasseklargj\u00f8ring"},"content":{"rendered":"<p><a href=\"https:\/\/i0.wp.com\/trine.waaktaar.com\/wp-content\/uploads\/2016\/03\/spettmeis_1.jpg\" rel=\"attachment wp-att-15587\"><img data-recalc-dims=\"1\" loading=\"lazy\" decoding=\"async\" data-attachment-id=\"15587\" data-permalink=\"https:\/\/www.kuretoppen.no\/?attachment_id=15587\" data-orig-file=\"https:\/\/i0.wp.com\/www.kuretoppen.no\/wp-content\/uploads\/2016\/03\/spettmeis_1.jpg?fit=563%2C1024&amp;ssl=1\" data-orig-size=\"563,1024\" data-comments-opened=\"1\" data-image-meta=\"{&quot;aperture&quot;:&quot;0&quot;,&quot;credit&quot;:&quot;&quot;,&quot;camera&quot;:&quot;&quot;,&quot;caption&quot;:&quot;&quot;,&quot;created_timestamp&quot;:&quot;0&quot;,&quot;copyright&quot;:&quot;&quot;,&quot;focal_length&quot;:&quot;0&quot;,&quot;iso&quot;:&quot;0&quot;,&quot;shutter_speed&quot;:&quot;0&quot;,&quot;title&quot;:&quot;&quot;,&quot;orientation&quot;:&quot;0&quot;}\" data-image-title=\"spettmeis_1\" data-image-description=\"\" data-image-caption=\"\" data-medium-file=\"https:\/\/i0.wp.com\/www.kuretoppen.no\/wp-content\/uploads\/2016\/03\/spettmeis_1.jpg?fit=165%2C300&amp;ssl=1\" data-large-file=\"https:\/\/i0.wp.com\/www.kuretoppen.no\/wp-content\/uploads\/2016\/03\/spettmeis_1.jpg?fit=563%2C1024&amp;ssl=1\" class=\"size-full wp-image-15587 aligncenter\" src=\"https:\/\/i0.wp.com\/trine.waaktaar.com\/wp-content\/uploads\/2016\/03\/spettmeis_1.jpg?resize=563%2C1024\" alt=\"spettmeis_1\" width=\"563\" height=\"1024\" srcset=\"https:\/\/i0.wp.com\/www.kuretoppen.no\/wp-content\/uploads\/2016\/03\/spettmeis_1.jpg?w=563&amp;ssl=1 563w, https:\/\/i0.wp.com\/www.kuretoppen.no\/wp-content\/uploads\/2016\/03\/spettmeis_1.jpg?resize=165%2C300&amp;ssl=1 165w, https:\/\/i0.wp.com\/www.kuretoppen.no\/wp-content\/uploads\/2016\/03\/spettmeis_1.jpg?resize=82%2C150&amp;ssl=1 82w, https:\/\/i0.wp.com\/www.kuretoppen.no\/wp-content\/uploads\/2016\/03\/spettmeis_1.jpg?resize=400%2C728&amp;ssl=1 400w\" sizes=\"auto, (max-width: 563px) 100vw, 563px\" \/><\/a>Det banket og kakket iherdig inne i meisekassen i furua p\u00e5 vestsiden, med\u00a0en resonnans\u00a0og en energi som bare kunne bety at det var en spettmeis eller en bl\u00e5meis der inne. P\u00e5 lang avstand s\u00e5 jeg et lite svart-hvitt-gr\u00e5tt hode stikke travelt ut av\u00a0fuglekasse\u00e5pnngen, og jepp, det var naturligvis en spettmeis. Som i fjor har den begynt \u00e5 bearbeide alle fuglekassene innvendig s\u00e5 tidlig at selv ikke bl\u00e5meisen, som\u00a0alle er enige om har sedvanerett\u00a0p\u00e5 akkurat denne kassen, har rukket \u00e5 komme seg p\u00e5 plass.<\/p>\n<p>&nbsp;<\/p>\n<p>Stille listet jeg meg n\u00e6rmere. Det banket og kakket og skrapte og kraslet videre der inne. Av og til tittet\u00a0spettmeisen ut, men lot seg ikke affisere av mittt tiltakende n\u00e6rv\u00e6r. Til slutt sto jeg s\u00e5 n\u00e6r kassen at jeg f\u00f8lte meg som en inntrenger. &#8211; N\u00e5 m\u00e5 da fuggelen bli forskrekket hvis han titter ut igjen, tenkte jeg. Men\u00a0neida, absolutt ikke. Et kort og litt adspredt nikk var alt han verdiget meg der jeg sto en\u00a0halv meter fra kasse\u00e5pningen med mobilkameraet\u00a0\u00a0p\u00e5 tett skuddhold.<\/p>\n<p>Jeg klikket noen bilder i rask rekkef\u00f8lge og trakk meg skyndsomt tilbake. Inspirert av innsatsviljen i fuglekassen droppet jeg \u00e5 mase mer p\u00e5 v\u00e5rstresset fj\u00f8rfe og ruslet\u00a0 inn for \u00e5 gj\u00f8re litt v\u00e5rrengj\u00f8ring selv.<\/p>\n","protected":false},"excerpt":{"rendered":"<p>Det banket og kakket iherdig inne i meisekassen i furua p\u00e5 vestsiden, med en resonnans og en energi som bare kunne bety at det var en spettmeis eller en bl\u00e5meis der inne. P\u00e5 lang avstand s\u00e5 jeg et lite svart-hvitt-gr\u00e5tt hode stikke travelt ut av fuglekasse\u00e5pnngen, og jepp, det var naturligvis en spettmeis. Som i [&#8230;]<\/p>\n","protected":false},"author":1,"featured_media":0,"comment_status":"open","ping_status":"open","sticky":false,"template":"","format":"standard","meta":{"jetpack_post_was_ever_published":false,"_jetpack_newsletter_access":"","_jetpack_dont_email_post_to_subs":false,"_jetpack_newsletter_tier_id":0,"_jetpack_memberships_contains_paywalled_content":false,"_jetpack_memberships_contains_paid_content":false,"footnotes":"","jetpack_publicize_message":"","jetpack_publicize_feature_enabled":true,"jetpack_social_post_already_shared":false,"jetpack_social_options":{"image_generator_settings":{"template":"highway","default_image_id":0,"font":"","enabled":false},"version":2}},"categories":[178],"tags":[],"class_list":["post-15586","post","type-post","status-publish","format-standard","hentry","category-spettmeis","odd"],"aioseo_notices":[],"jetpack_publicize_connections":[],"jetpack_featured_media_url":"","jetpack_shortlink":"https:\/\/wp.me\/p6gK7b-43o","jetpack-related-posts":[],"jetpack_sharing_enabled":true,"_links":{"self":[{"href":"https:\/\/www.kuretoppen.no\/index.php?rest_route=\/wp\/v2\/posts\/15586","targetHints":{"allow":["GET"]}}],"collection":[{"href":"https:\/\/www.kuretoppen.no\/index.php?rest_route=\/wp\/v2\/posts"}],"about":[{"href":"https:\/\/www.kuretoppen.no\/index.php?rest_route=\/wp\/v2\/types\/post"}],"author":[{"embeddable":true,"href":"https:\/\/www.kuretoppen.no\/index.php?rest_route=\/wp\/v2\/users\/1"}],"replies":[{"embeddable":true,"href":"https:\/\/www.kuretoppen.no\/index.php?rest_route=%2Fwp%2Fv2%2Fcomments&post=15586"}],"version-history":[{"count":4,"href":"https:\/\/www.kuretoppen.no\/index.php?rest_route=\/wp\/v2\/posts\/15586\/revisions"}],"predecessor-version":[{"id":15720,"href":"https:\/\/www.kuretoppen.no\/index.php?rest_route=\/wp\/v2\/posts\/15586\/revisions\/15720"}],"wp:attachment":[{"href":"https:\/\/www.kuretoppen.no\/index.php?rest_route=%2Fwp%2Fv2%2Fmedia&parent=15586"}],"wp:term":[{"taxonomy":"category","embeddable":true,"href":"https:\/\/www.kuretoppen.no\/index.php?rest_route=%2Fwp%2Fv2%2Fcategories&post=15586"},{"taxonomy":"post_tag","embeddable":true,"href":"https:\/\/www.kuretoppen.no\/index.php?rest_route=%2Fwp%2Fv2%2Ftags&post=15586"}],"curies":[{"name":"wp","href":"https:\/\/api.w.org\/{rel}","templated":true}]}}