{"id":15839,"date":"2016-04-28T19:05:35","date_gmt":"2016-04-28T18:05:35","guid":{"rendered":"http:\/\/trine.waaktaar.com\/?p=15839"},"modified":"2016-04-28T19:05:35","modified_gmt":"2016-04-28T18:05:35","slug":"ekspansiv-rabarbra","status":"publish","type":"post","link":"https:\/\/www.kuretoppen.no\/?p=15839","title":{"rendered":"Ekspansiv rabarbra"},"content":{"rendered":"<p>Det er ikke m\u00e5te p\u00e5 hvor det gror og vokser i rabarbraen i \u00f8stbedet for tiden. Enda mer imponerende er det med tanke p\u00e5 dagstemperaturene, som er plagsomt lave og vinden som gj\u00f8r det hele bare surere og lite utev\u00e6rende for de av oss som kan velge \u00e5 g\u00e5 inn. P\u00e5 en av mine sylkorte og hutrende svippturer ut i hagen oppdaget jeg at det voldsomme bladomfanget p\u00e5  rabarbraen fullstendig dekket til to litt mer beskjedne stauder av en prestekragevariant, s\u00e5 dermed ribbet jeg rabarbraen for to av de mest overd\u00e5dige bladene. Det blir mer sparsomt med r\u00e5varer til rabarbrapaien n\u00e5r den tid kommer, men litt deling p\u00e5 v\u00e5rlyset f\u00e5r det v\u00e6re, syns jeg.<br \/>\n<a href=\"https:\/\/i0.wp.com\/trine.waaktaar.com\/wp-content\/uploads\/2016\/04\/IMG_5579.jpg\"><img data-recalc-dims=\"1\" loading=\"lazy\" decoding=\"async\" data-attachment-id=\"15825\" data-permalink=\"https:\/\/www.kuretoppen.no\/?attachment_id=15825\" data-orig-file=\"https:\/\/i0.wp.com\/www.kuretoppen.no\/wp-content\/uploads\/2016\/04\/IMG_5579.jpg?fit=1024%2C768&amp;ssl=1\" data-orig-size=\"1024,768\" data-comments-opened=\"1\" data-image-meta=\"{&quot;aperture&quot;:&quot;2.2&quot;,&quot;credit&quot;:&quot;&quot;,&quot;camera&quot;:&quot;iPhone 6s Plus&quot;,&quot;caption&quot;:&quot;&quot;,&quot;created_timestamp&quot;:&quot;1461523716&quot;,&quot;copyright&quot;:&quot;&quot;,&quot;focal_length&quot;:&quot;4.15&quot;,&quot;iso&quot;:&quot;40&quot;,&quot;shutter_speed&quot;:&quot;0.01&quot;,&quot;title&quot;:&quot;&quot;,&quot;orientation&quot;:&quot;1&quot;}\" data-image-title=\"IMG_5579\" data-image-description=\"\" data-image-caption=\"\" data-medium-file=\"https:\/\/i0.wp.com\/www.kuretoppen.no\/wp-content\/uploads\/2016\/04\/IMG_5579.jpg?fit=300%2C225&amp;ssl=1\" data-large-file=\"https:\/\/i0.wp.com\/www.kuretoppen.no\/wp-content\/uploads\/2016\/04\/IMG_5579.jpg?fit=640%2C480&amp;ssl=1\" class=\"alignleft size-full wp-image-15825\" src=\"https:\/\/i0.wp.com\/trine.waaktaar.com\/wp-content\/uploads\/2016\/04\/IMG_5579.jpg?resize=640%2C480\" alt=\"IMG_5579\" width=\"640\" height=\"480\" srcset=\"https:\/\/i0.wp.com\/www.kuretoppen.no\/wp-content\/uploads\/2016\/04\/IMG_5579.jpg?w=1024&amp;ssl=1 1024w, https:\/\/i0.wp.com\/www.kuretoppen.no\/wp-content\/uploads\/2016\/04\/IMG_5579.jpg?resize=300%2C225&amp;ssl=1 300w, https:\/\/i0.wp.com\/www.kuretoppen.no\/wp-content\/uploads\/2016\/04\/IMG_5579.jpg?resize=768%2C576&amp;ssl=1 768w, https:\/\/i0.wp.com\/www.kuretoppen.no\/wp-content\/uploads\/2016\/04\/IMG_5579.jpg?resize=150%2C113&amp;ssl=1 150w, https:\/\/i0.wp.com\/www.kuretoppen.no\/wp-content\/uploads\/2016\/04\/IMG_5579.jpg?resize=400%2C300&amp;ssl=1 400w\" sizes=\"auto, (max-width: 640px) 100vw, 640px\" \/><\/a><\/p>\n","protected":false},"excerpt":{"rendered":"<p>Det er ikke m\u00e5te p\u00e5 hvor det gror og vokser i rabarbraen i \u00f8stbedet for tiden. Enda mer imponerende er det med tanke p\u00e5 dagstemperaturene, som er plagsomt lave og vinden som gj\u00f8r det hele bare surere og lite utev\u00e6rende for de av oss som kan velge \u00e5 g\u00e5 inn. P\u00e5 en av mine sylkorte [&#8230;]<\/p>\n","protected":false},"author":1,"featured_media":0,"comment_status":"open","ping_status":"open","sticky":false,"template":"","format":"standard","meta":{"jetpack_post_was_ever_published":false,"_jetpack_newsletter_access":"","_jetpack_dont_email_post_to_subs":false,"_jetpack_newsletter_tier_id":0,"_jetpack_memberships_contains_paywalled_content":false,"_jetpack_memberships_contains_paid_content":false,"footnotes":"","jetpack_publicize_message":"","jetpack_publicize_feature_enabled":true,"jetpack_social_post_already_shared":true,"jetpack_social_options":{"image_generator_settings":{"template":"highway","default_image_id":0,"font":"","enabled":false},"version":2}},"categories":[58],"tags":[],"class_list":["post-15839","post","type-post","status-publish","format-standard","hentry","category-rabarbra","odd"],"aioseo_notices":[],"jetpack_publicize_connections":[],"jetpack_featured_media_url":"","jetpack_shortlink":"https:\/\/wp.me\/p6gK7b-47t","jetpack-related-posts":[],"jetpack_sharing_enabled":true,"_links":{"self":[{"href":"https:\/\/www.kuretoppen.no\/index.php?rest_route=\/wp\/v2\/posts\/15839","targetHints":{"allow":["GET"]}}],"collection":[{"href":"https:\/\/www.kuretoppen.no\/index.php?rest_route=\/wp\/v2\/posts"}],"about":[{"href":"https:\/\/www.kuretoppen.no\/index.php?rest_route=\/wp\/v2\/types\/post"}],"author":[{"embeddable":true,"href":"https:\/\/www.kuretoppen.no\/index.php?rest_route=\/wp\/v2\/users\/1"}],"replies":[{"embeddable":true,"href":"https:\/\/www.kuretoppen.no\/index.php?rest_route=%2Fwp%2Fv2%2Fcomments&post=15839"}],"version-history":[{"count":1,"href":"https:\/\/www.kuretoppen.no\/index.php?rest_route=\/wp\/v2\/posts\/15839\/revisions"}],"predecessor-version":[{"id":15840,"href":"https:\/\/www.kuretoppen.no\/index.php?rest_route=\/wp\/v2\/posts\/15839\/revisions\/15840"}],"wp:attachment":[{"href":"https:\/\/www.kuretoppen.no\/index.php?rest_route=%2Fwp%2Fv2%2Fmedia&parent=15839"}],"wp:term":[{"taxonomy":"category","embeddable":true,"href":"https:\/\/www.kuretoppen.no\/index.php?rest_route=%2Fwp%2Fv2%2Fcategories&post=15839"},{"taxonomy":"post_tag","embeddable":true,"href":"https:\/\/www.kuretoppen.no\/index.php?rest_route=%2Fwp%2Fv2%2Ftags&post=15839"}],"curies":[{"name":"wp","href":"https:\/\/api.w.org\/{rel}","templated":true}]}}