{"id":18341,"date":"2017-07-11T20:15:49","date_gmt":"2017-07-11T19:15:49","guid":{"rendered":"http:\/\/www.kuretoppen.no\/?p=18341"},"modified":"2017-07-11T20:15:49","modified_gmt":"2017-07-11T19:15:49","slug":"floyelstjaereblomst-en-masse","status":"publish","type":"post","link":"https:\/\/www.kuretoppen.no\/?p=18341","title":{"rendered":"Fl\u00f8yelstj\u00e6reblomst en masse"},"content":{"rendered":"<p>Raff farge b\u00e5de p\u00e5 blomst og blader. Sprer seg villig uten egentlig \u00e5 oppf\u00f8re seg ugressaktig. Liker&#8217;n jeg!<br \/>\n<a href=\"https:\/\/i0.wp.com\/www.kuretoppen.no\/wp-content\/uploads\/2017\/07\/Fl%C3%B8yelstj%C3%A6reblomst1.jpg\"><img data-recalc-dims=\"1\" loading=\"lazy\" decoding=\"async\" data-attachment-id=\"18342\" data-permalink=\"https:\/\/www.kuretoppen.no\/?attachment_id=18342\" data-orig-file=\"https:\/\/i0.wp.com\/www.kuretoppen.no\/wp-content\/uploads\/2017\/07\/Fl%C3%B8yelstj%C3%A6reblomst1.jpg?fit=1024%2C585&amp;ssl=1\" data-orig-size=\"1024,585\" data-comments-opened=\"1\" data-image-meta=\"{&quot;aperture&quot;:&quot;0&quot;,&quot;credit&quot;:&quot;&quot;,&quot;camera&quot;:&quot;&quot;,&quot;caption&quot;:&quot;&quot;,&quot;created_timestamp&quot;:&quot;0&quot;,&quot;copyright&quot;:&quot;&quot;,&quot;focal_length&quot;:&quot;0&quot;,&quot;iso&quot;:&quot;0&quot;,&quot;shutter_speed&quot;:&quot;0&quot;,&quot;title&quot;:&quot;&quot;,&quot;orientation&quot;:&quot;0&quot;}\" data-image-title=\"Fl\u00f8yelstj\u00e6reblomst1\" data-image-description=\"\" data-image-caption=\"\" data-medium-file=\"https:\/\/i0.wp.com\/www.kuretoppen.no\/wp-content\/uploads\/2017\/07\/Fl%C3%B8yelstj%C3%A6reblomst1.jpg?fit=300%2C171&amp;ssl=1\" data-large-file=\"https:\/\/i0.wp.com\/www.kuretoppen.no\/wp-content\/uploads\/2017\/07\/Fl%C3%B8yelstj%C3%A6reblomst1.jpg?fit=640%2C366&amp;ssl=1\" class=\"alignleft size-full wp-image-18342\" src=\"https:\/\/i0.wp.com\/www.kuretoppen.no\/wp-content\/uploads\/2017\/07\/Fl%C3%B8yelstj%C3%A6reblomst1.jpg?resize=640%2C366\" alt=\"\" width=\"640\" height=\"366\" srcset=\"https:\/\/i0.wp.com\/www.kuretoppen.no\/wp-content\/uploads\/2017\/07\/Fl%C3%B8yelstj%C3%A6reblomst1.jpg?w=1024&amp;ssl=1 1024w, https:\/\/i0.wp.com\/www.kuretoppen.no\/wp-content\/uploads\/2017\/07\/Fl%C3%B8yelstj%C3%A6reblomst1.jpg?resize=300%2C171&amp;ssl=1 300w, https:\/\/i0.wp.com\/www.kuretoppen.no\/wp-content\/uploads\/2017\/07\/Fl%C3%B8yelstj%C3%A6reblomst1.jpg?resize=768%2C439&amp;ssl=1 768w, https:\/\/i0.wp.com\/www.kuretoppen.no\/wp-content\/uploads\/2017\/07\/Fl%C3%B8yelstj%C3%A6reblomst1.jpg?resize=150%2C86&amp;ssl=1 150w, https:\/\/i0.wp.com\/www.kuretoppen.no\/wp-content\/uploads\/2017\/07\/Fl%C3%B8yelstj%C3%A6reblomst1.jpg?resize=400%2C229&amp;ssl=1 400w\" sizes=\"auto, (max-width: 640px) 100vw, 640px\" \/><\/a> <a href=\"https:\/\/i0.wp.com\/www.kuretoppen.no\/wp-content\/uploads\/2017\/07\/20170711_151451.jpg\"><img data-recalc-dims=\"1\" loading=\"lazy\" decoding=\"async\" data-attachment-id=\"18344\" data-permalink=\"https:\/\/www.kuretoppen.no\/?attachment_id=18344\" data-orig-file=\"https:\/\/i0.wp.com\/www.kuretoppen.no\/wp-content\/uploads\/2017\/07\/20170711_151451.jpg?fit=1024%2C768&amp;ssl=1\" data-orig-size=\"1024,768\" data-comments-opened=\"1\" data-image-meta=\"{&quot;aperture&quot;:&quot;1.7&quot;,&quot;credit&quot;:&quot;&quot;,&quot;camera&quot;:&quot;SM-G935F&quot;,&quot;caption&quot;:&quot;&quot;,&quot;created_timestamp&quot;:&quot;1499786091&quot;,&quot;copyright&quot;:&quot;&quot;,&quot;focal_length&quot;:&quot;4.2&quot;,&quot;iso&quot;:&quot;40&quot;,&quot;shutter_speed&quot;:&quot;0.0017667844522968&quot;,&quot;title&quot;:&quot;&quot;,&quot;orientation&quot;:&quot;1&quot;}\" data-image-title=\"20170711_151451\" data-image-description=\"\" data-image-caption=\"\" data-medium-file=\"https:\/\/i0.wp.com\/www.kuretoppen.no\/wp-content\/uploads\/2017\/07\/20170711_151451.jpg?fit=300%2C225&amp;ssl=1\" data-large-file=\"https:\/\/i0.wp.com\/www.kuretoppen.no\/wp-content\/uploads\/2017\/07\/20170711_151451.jpg?fit=640%2C480&amp;ssl=1\" class=\"alignleft wp-image-18344 size-full\" src=\"https:\/\/i0.wp.com\/www.kuretoppen.no\/wp-content\/uploads\/2017\/07\/20170711_151451.jpg?resize=640%2C480\" alt=\"\" width=\"640\" height=\"480\" srcset=\"https:\/\/i0.wp.com\/www.kuretoppen.no\/wp-content\/uploads\/2017\/07\/20170711_151451.jpg?w=1024&amp;ssl=1 1024w, https:\/\/i0.wp.com\/www.kuretoppen.no\/wp-content\/uploads\/2017\/07\/20170711_151451.jpg?resize=300%2C225&amp;ssl=1 300w, https:\/\/i0.wp.com\/www.kuretoppen.no\/wp-content\/uploads\/2017\/07\/20170711_151451.jpg?resize=768%2C576&amp;ssl=1 768w, https:\/\/i0.wp.com\/www.kuretoppen.no\/wp-content\/uploads\/2017\/07\/20170711_151451.jpg?resize=150%2C113&amp;ssl=1 150w, https:\/\/i0.wp.com\/www.kuretoppen.no\/wp-content\/uploads\/2017\/07\/20170711_151451.jpg?resize=400%2C300&amp;ssl=1 400w\" sizes=\"auto, (max-width: 640px) 100vw, 640px\" \/><\/a><\/p>\n","protected":false},"excerpt":{"rendered":"<p>Raff farge b\u00e5de p\u00e5 blomst og blader. Sprer seg villig uten egentlig \u00e5 oppf\u00f8re seg ugressaktig. Liker&#8217;n jeg! <\/p>\n","protected":false},"author":1,"featured_media":0,"comment_status":"open","ping_status":"open","sticky":false,"template":"","format":"standard","meta":{"jetpack_post_was_ever_published":false,"_jetpack_newsletter_access":"","_jetpack_dont_email_post_to_subs":false,"_jetpack_newsletter_tier_id":0,"_jetpack_memberships_contains_paywalled_content":false,"_jetpack_memberships_contains_paid_content":false,"footnotes":"","jetpack_publicize_message":"","jetpack_publicize_feature_enabled":true,"jetpack_social_post_already_shared":true,"jetpack_social_options":{"image_generator_settings":{"template":"highway","default_image_id":0,"font":"","enabled":false},"version":2}},"categories":[441],"tags":[],"class_list":["post-18341","post","type-post","status-publish","format-standard","hentry","category-floyeltjaereblom","odd"],"aioseo_notices":[],"jetpack_publicize_connections":[],"jetpack_featured_media_url":"","jetpack_shortlink":"https:\/\/wp.me\/p6gK7b-4LP","jetpack-related-posts":[],"jetpack_sharing_enabled":true,"_links":{"self":[{"href":"https:\/\/www.kuretoppen.no\/index.php?rest_route=\/wp\/v2\/posts\/18341","targetHints":{"allow":["GET"]}}],"collection":[{"href":"https:\/\/www.kuretoppen.no\/index.php?rest_route=\/wp\/v2\/posts"}],"about":[{"href":"https:\/\/www.kuretoppen.no\/index.php?rest_route=\/wp\/v2\/types\/post"}],"author":[{"embeddable":true,"href":"https:\/\/www.kuretoppen.no\/index.php?rest_route=\/wp\/v2\/users\/1"}],"replies":[{"embeddable":true,"href":"https:\/\/www.kuretoppen.no\/index.php?rest_route=%2Fwp%2Fv2%2Fcomments&post=18341"}],"version-history":[{"count":1,"href":"https:\/\/www.kuretoppen.no\/index.php?rest_route=\/wp\/v2\/posts\/18341\/revisions"}],"predecessor-version":[{"id":18345,"href":"https:\/\/www.kuretoppen.no\/index.php?rest_route=\/wp\/v2\/posts\/18341\/revisions\/18345"}],"wp:attachment":[{"href":"https:\/\/www.kuretoppen.no\/index.php?rest_route=%2Fwp%2Fv2%2Fmedia&parent=18341"}],"wp:term":[{"taxonomy":"category","embeddable":true,"href":"https:\/\/www.kuretoppen.no\/index.php?rest_route=%2Fwp%2Fv2%2Fcategories&post=18341"},{"taxonomy":"post_tag","embeddable":true,"href":"https:\/\/www.kuretoppen.no\/index.php?rest_route=%2Fwp%2Fv2%2Ftags&post=18341"}],"curies":[{"name":"wp","href":"https:\/\/api.w.org\/{rel}","templated":true}]}}