{"id":22419,"date":"2023-12-22T09:43:54","date_gmt":"2023-12-22T08:43:54","guid":{"rendered":"https:\/\/www.kuretoppen.no\/?p=22419"},"modified":"2023-12-22T09:43:58","modified_gmt":"2023-12-22T08:43:58","slug":"vellykket-solsnu-tross-seremonielle-avvik","status":"publish","type":"post","link":"https:\/\/www.kuretoppen.no\/?p=22419","title":{"rendered":"Vellykket Solsnu tross seremonielle avvik"},"content":{"rendered":"\n<figure class=\"wp-block-image size-large\"><a href=\"https:\/\/i0.wp.com\/www.kuretoppen.no\/wp-content\/uploads\/2023\/12\/20231222_093613-scaled.jpg?ssl=1\"><img data-recalc-dims=\"1\" loading=\"lazy\" decoding=\"async\" width=\"640\" height=\"775\" data-attachment-id=\"22420\" data-permalink=\"https:\/\/www.kuretoppen.no\/?attachment_id=22420\" data-orig-file=\"https:\/\/i0.wp.com\/www.kuretoppen.no\/wp-content\/uploads\/2023\/12\/20231222_093613-scaled.jpg?fit=2115%2C2560&amp;ssl=1\" data-orig-size=\"2115,2560\" data-comments-opened=\"1\" data-image-meta=\"{&quot;aperture&quot;:&quot;2.4&quot;,&quot;credit&quot;:&quot;&quot;,&quot;camera&quot;:&quot;SM-G781B&quot;,&quot;caption&quot;:&quot;&quot;,&quot;created_timestamp&quot;:&quot;1703237773&quot;,&quot;copyright&quot;:&quot;&quot;,&quot;focal_length&quot;:&quot;7.12&quot;,&quot;iso&quot;:&quot;40&quot;,&quot;shutter_speed&quot;:&quot;0.02&quot;,&quot;title&quot;:&quot;&quot;,&quot;orientation&quot;:&quot;1&quot;}\" data-image-title=\"20231222_093613\" data-image-description=\"\" data-image-caption=\"\" data-medium-file=\"https:\/\/i0.wp.com\/www.kuretoppen.no\/wp-content\/uploads\/2023\/12\/20231222_093613-scaled.jpg?fit=248%2C300&amp;ssl=1\" data-large-file=\"https:\/\/i0.wp.com\/www.kuretoppen.no\/wp-content\/uploads\/2023\/12\/20231222_093613-scaled.jpg?fit=640%2C775&amp;ssl=1\" src=\"https:\/\/i0.wp.com\/www.kuretoppen.no\/wp-content\/uploads\/2023\/12\/20231222_093613-846x1024.jpg?resize=640%2C775&#038;ssl=1\" alt=\"\" class=\"wp-image-22420\" srcset=\"https:\/\/i0.wp.com\/www.kuretoppen.no\/wp-content\/uploads\/2023\/12\/20231222_093613-scaled.jpg?resize=846%2C1024&amp;ssl=1 846w, https:\/\/i0.wp.com\/www.kuretoppen.no\/wp-content\/uploads\/2023\/12\/20231222_093613-scaled.jpg?resize=248%2C300&amp;ssl=1 248w, https:\/\/i0.wp.com\/www.kuretoppen.no\/wp-content\/uploads\/2023\/12\/20231222_093613-scaled.jpg?resize=768%2C930&amp;ssl=1 768w, https:\/\/i0.wp.com\/www.kuretoppen.no\/wp-content\/uploads\/2023\/12\/20231222_093613-scaled.jpg?resize=1269%2C1536&amp;ssl=1 1269w, https:\/\/i0.wp.com\/www.kuretoppen.no\/wp-content\/uploads\/2023\/12\/20231222_093613-scaled.jpg?resize=1692%2C2048&amp;ssl=1 1692w, https:\/\/i0.wp.com\/www.kuretoppen.no\/wp-content\/uploads\/2023\/12\/20231222_093613-scaled.jpg?resize=124%2C150&amp;ssl=1 124w, https:\/\/i0.wp.com\/www.kuretoppen.no\/wp-content\/uploads\/2023\/12\/20231222_093613-scaled.jpg?resize=400%2C484&amp;ssl=1 400w, https:\/\/i0.wp.com\/www.kuretoppen.no\/wp-content\/uploads\/2023\/12\/20231222_093613-scaled.jpg?w=1920 1920w\" sizes=\"auto, (max-width: 640px) 100vw, 640px\" \/><\/a><figcaption class=\"wp-element-caption\">Stormen Pia og overglatt f\u00f8re f\u00f8rte til at v\u00e5r tradisjonelle Solsnu m\u00e5tte flyttes fra skogen med b\u00e5l og sang, til peiskroken inne, fortsatt med noe sang. Justeringene f\u00f8rte til ett alvorlig avvik, nemlig at vi glemte \u00e5 avslutte med Deilig er jorden. Heldigvis ser det ut til at det gikk bra likevel. Se, n\u00e5 g\u00e5r det rett vei: mot sommer 2024!<\/figcaption><\/figure>\n","protected":false},"excerpt":{"rendered":"<p> Stormen Pia og overglatt f\u00f8re f\u00f8rte til at v\u00e5r tradisjonelle Solsnu m\u00e5tte flyttes fra skogen med b\u00e5l og sang, til peiskroken inne, fortsatt med noe sang. Justeringene f\u00f8rte til ett alvorlig avvik, nemlig at vi glemte \u00e5 avslutte med Deilig er jorden. Heldigvis ser det ut til at det gikk bra likevel. Se, n\u00e5 [&#8230;]<\/p>\n","protected":false},"author":1,"featured_media":0,"comment_status":"open","ping_status":"open","sticky":false,"template":"","format":"standard","meta":{"jetpack_post_was_ever_published":false,"_jetpack_newsletter_access":"","_jetpack_dont_email_post_to_subs":false,"_jetpack_newsletter_tier_id":0,"_jetpack_memberships_contains_paywalled_content":false,"_jetpack_memberships_contains_paid_content":false,"footnotes":"","jetpack_publicize_message":"","jetpack_publicize_feature_enabled":true,"jetpack_social_post_already_shared":true,"jetpack_social_options":{"image_generator_settings":{"template":"highway","default_image_id":0,"font":"","enabled":false},"version":2}},"categories":[1],"tags":[],"class_list":["post-22419","post","type-post","status-publish","format-standard","hentry","category-uncategorized","odd"],"aioseo_notices":[],"jetpack_publicize_connections":[],"jetpack_featured_media_url":"","jetpack_shortlink":"https:\/\/wp.me\/p6gK7b-5PB","jetpack-related-posts":[],"jetpack_sharing_enabled":true,"_links":{"self":[{"href":"https:\/\/www.kuretoppen.no\/index.php?rest_route=\/wp\/v2\/posts\/22419","targetHints":{"allow":["GET"]}}],"collection":[{"href":"https:\/\/www.kuretoppen.no\/index.php?rest_route=\/wp\/v2\/posts"}],"about":[{"href":"https:\/\/www.kuretoppen.no\/index.php?rest_route=\/wp\/v2\/types\/post"}],"author":[{"embeddable":true,"href":"https:\/\/www.kuretoppen.no\/index.php?rest_route=\/wp\/v2\/users\/1"}],"replies":[{"embeddable":true,"href":"https:\/\/www.kuretoppen.no\/index.php?rest_route=%2Fwp%2Fv2%2Fcomments&post=22419"}],"version-history":[{"count":1,"href":"https:\/\/www.kuretoppen.no\/index.php?rest_route=\/wp\/v2\/posts\/22419\/revisions"}],"predecessor-version":[{"id":22421,"href":"https:\/\/www.kuretoppen.no\/index.php?rest_route=\/wp\/v2\/posts\/22419\/revisions\/22421"}],"wp:attachment":[{"href":"https:\/\/www.kuretoppen.no\/index.php?rest_route=%2Fwp%2Fv2%2Fmedia&parent=22419"}],"wp:term":[{"taxonomy":"category","embeddable":true,"href":"https:\/\/www.kuretoppen.no\/index.php?rest_route=%2Fwp%2Fv2%2Fcategories&post=22419"},{"taxonomy":"post_tag","embeddable":true,"href":"https:\/\/www.kuretoppen.no\/index.php?rest_route=%2Fwp%2Fv2%2Ftags&post=22419"}],"curies":[{"name":"wp","href":"https:\/\/api.w.org\/{rel}","templated":true}]}}