{"id":7353,"date":"2012-08-04T21:21:33","date_gmt":"2012-08-04T19:21:33","guid":{"rendered":"http:\/\/trine.waaktaar.com\/?p=7353"},"modified":"2015-06-02T05:39:22","modified_gmt":"2015-06-02T04:39:22","slug":"nykomling-1-parykkbusk","status":"publish","type":"post","link":"https:\/\/www.kuretoppen.no\/?p=7353","title":{"rendered":"Nykomling 1: Parykkbusk"},"content":{"rendered":"<p><a href=\"https:\/\/i0.wp.com\/trine.waaktaar.com\/wp-content\/uploads\/2012\/08\/parykkblomst.jpg\"><img data-recalc-dims=\"1\" loading=\"lazy\" decoding=\"async\" data-attachment-id=\"7354\" data-permalink=\"https:\/\/www.kuretoppen.no\/?attachment_id=7354\" data-orig-file=\"https:\/\/i0.wp.com\/www.kuretoppen.no\/wp-content\/uploads\/2012\/08\/parykkblomst.jpg?fit=1024%2C768&amp;ssl=1\" data-orig-size=\"1024,768\" data-comments-opened=\"1\" data-image-meta=\"{&quot;aperture&quot;:&quot;0&quot;,&quot;credit&quot;:&quot;&quot;,&quot;camera&quot;:&quot;&quot;,&quot;caption&quot;:&quot;&quot;,&quot;created_timestamp&quot;:&quot;0&quot;,&quot;copyright&quot;:&quot;&quot;,&quot;focal_length&quot;:&quot;0&quot;,&quot;iso&quot;:&quot;0&quot;,&quot;shutter_speed&quot;:&quot;0&quot;,&quot;title&quot;:&quot;&quot;}\" data-image-title=\"parykkblomst\" data-image-description=\"\" data-image-caption=\"\" data-medium-file=\"https:\/\/i0.wp.com\/www.kuretoppen.no\/wp-content\/uploads\/2012\/08\/parykkblomst.jpg?fit=300%2C225&amp;ssl=1\" data-large-file=\"https:\/\/i0.wp.com\/www.kuretoppen.no\/wp-content\/uploads\/2012\/08\/parykkblomst.jpg?fit=640%2C480&amp;ssl=1\" class=\"alignright  wp-image-7354\" title=\"parykkblomst\" src=\"https:\/\/i0.wp.com\/trine.waaktaar.com\/wp-content\/uploads\/2012\/08\/parykkblomst.jpg?resize=640%2C480\" alt=\"\" width=\"640\" height=\"480\" srcset=\"https:\/\/i0.wp.com\/www.kuretoppen.no\/wp-content\/uploads\/2012\/08\/parykkblomst.jpg?w=1024&amp;ssl=1 1024w, https:\/\/i0.wp.com\/www.kuretoppen.no\/wp-content\/uploads\/2012\/08\/parykkblomst.jpg?resize=300%2C225&amp;ssl=1 300w, https:\/\/i0.wp.com\/www.kuretoppen.no\/wp-content\/uploads\/2012\/08\/parykkblomst.jpg?resize=150%2C112&amp;ssl=1 150w, https:\/\/i0.wp.com\/www.kuretoppen.no\/wp-content\/uploads\/2012\/08\/parykkblomst.jpg?resize=400%2C300&amp;ssl=1 400w\" sizes=\"auto, (max-width: 640px) 100vw, 640px\" \/><\/a>Jeg fikk denne planten fra Anne Margrete i fjor h\u00f8st, s\u00e5 dypest sett er den ikke noen nykomling i hagen. Men det er f\u00f8rst i \u00e5r jeg ser hvordan den ser ut, og vet hva den heter. Jeg har ikke v\u00e6rt i\u00a0 stand til \u00e5 finne ut hva den heter p\u00e5 latin. Noen som kan hjelpe meg?<\/p>\n<p>&nbsp;<\/p>\n<p>Siste: Liv Marit har hjulpet meg (Tusen takk!): dette er en<\/p>\n<p>Gullperikum: Hypericum &#8216;Hidcote&#8217;.<\/p>\n<p>Her er mer om denne planten: http:\/\/en.wikipedia.org\/wiki\/Hypericum<\/p>\n","protected":false},"excerpt":{"rendered":"<p>Jeg fikk denne planten fra Anne Margrete i fjor h\u00f8st, s\u00e5 dypest sett er den ikke noen nykomling i hagen. Men det er f\u00f8rst i \u00e5r jeg ser hvordan den ser ut, og vet hva den heter. Jeg har ikke v\u00e6rt i stand til \u00e5 finne ut hva den heter p\u00e5 latin. Noen som kan [&#8230;]<\/p>\n","protected":false},"author":1,"featured_media":0,"comment_status":"open","ping_status":"open","sticky":false,"template":"","format":"standard","meta":{"jetpack_post_was_ever_published":false,"_jetpack_newsletter_access":"","_jetpack_dont_email_post_to_subs":false,"_jetpack_newsletter_tier_id":0,"_jetpack_memberships_contains_paywalled_content":false,"_jetpack_memberships_contains_paid_content":false,"footnotes":"","jetpack_publicize_message":"","jetpack_publicize_feature_enabled":true,"jetpack_social_post_already_shared":false,"jetpack_social_options":{"image_generator_settings":{"template":"highway","default_image_id":0,"font":"","enabled":false},"version":2}},"categories":[282],"tags":[],"class_list":["post-7353","post","type-post","status-publish","format-standard","hentry","category-parykkbusk","odd"],"aioseo_notices":[],"jetpack_publicize_connections":[],"jetpack_featured_media_url":"","jetpack_shortlink":"https:\/\/wp.me\/p6gK7b-1UB","jetpack-related-posts":[],"jetpack_sharing_enabled":true,"_links":{"self":[{"href":"https:\/\/www.kuretoppen.no\/index.php?rest_route=\/wp\/v2\/posts\/7353","targetHints":{"allow":["GET"]}}],"collection":[{"href":"https:\/\/www.kuretoppen.no\/index.php?rest_route=\/wp\/v2\/posts"}],"about":[{"href":"https:\/\/www.kuretoppen.no\/index.php?rest_route=\/wp\/v2\/types\/post"}],"author":[{"embeddable":true,"href":"https:\/\/www.kuretoppen.no\/index.php?rest_route=\/wp\/v2\/users\/1"}],"replies":[{"embeddable":true,"href":"https:\/\/www.kuretoppen.no\/index.php?rest_route=%2Fwp%2Fv2%2Fcomments&post=7353"}],"version-history":[{"count":2,"href":"https:\/\/www.kuretoppen.no\/index.php?rest_route=\/wp\/v2\/posts\/7353\/revisions"}],"predecessor-version":[{"id":14453,"href":"https:\/\/www.kuretoppen.no\/index.php?rest_route=\/wp\/v2\/posts\/7353\/revisions\/14453"}],"wp:attachment":[{"href":"https:\/\/www.kuretoppen.no\/index.php?rest_route=%2Fwp%2Fv2%2Fmedia&parent=7353"}],"wp:term":[{"taxonomy":"category","embeddable":true,"href":"https:\/\/www.kuretoppen.no\/index.php?rest_route=%2Fwp%2Fv2%2Fcategories&post=7353"},{"taxonomy":"post_tag","embeddable":true,"href":"https:\/\/www.kuretoppen.no\/index.php?rest_route=%2Fwp%2Fv2%2Ftags&post=7353"}],"curies":[{"name":"wp","href":"https:\/\/api.w.org\/{rel}","templated":true}]}}