{"id":7469,"date":"2012-08-17T20:55:58","date_gmt":"2012-08-17T18:55:58","guid":{"rendered":"http:\/\/trine.waaktaar.com\/?p=7469"},"modified":"2012-08-17T22:08:03","modified_gmt":"2012-08-17T20:08:03","slug":"hagen-i-hemne-trangt-om-plassen-i-gadd-furua","status":"publish","type":"post","link":"https:\/\/www.kuretoppen.no\/?p=7469","title":{"rendered":"Hagen i Hemne: trangt om plassen i gadd-furua"},"content":{"rendered":"<p><a href=\"https:\/\/i0.wp.com\/trine.waaktaar.com\/wp-content\/uploads\/2012\/08\/0021.jpg\"><img data-recalc-dims=\"1\" loading=\"lazy\" decoding=\"async\" data-attachment-id=\"7470\" data-permalink=\"https:\/\/www.kuretoppen.no\/?attachment_id=7470\" data-orig-file=\"https:\/\/i0.wp.com\/www.kuretoppen.no\/wp-content\/uploads\/2012\/08\/0021.jpg?fit=576%2C768&amp;ssl=1\" data-orig-size=\"576,768\" data-comments-opened=\"1\" data-image-meta=\"{&quot;aperture&quot;:&quot;0&quot;,&quot;credit&quot;:&quot;&quot;,&quot;camera&quot;:&quot;&quot;,&quot;caption&quot;:&quot;&quot;,&quot;created_timestamp&quot;:&quot;0&quot;,&quot;copyright&quot;:&quot;&quot;,&quot;focal_length&quot;:&quot;0&quot;,&quot;iso&quot;:&quot;0&quot;,&quot;shutter_speed&quot;:&quot;0&quot;,&quot;title&quot;:&quot;&quot;}\" data-image-title=\"002\" data-image-description=\"\" data-image-caption=\"\" data-medium-file=\"https:\/\/i0.wp.com\/www.kuretoppen.no\/wp-content\/uploads\/2012\/08\/0021.jpg?fit=225%2C300&amp;ssl=1\" data-large-file=\"https:\/\/i0.wp.com\/www.kuretoppen.no\/wp-content\/uploads\/2012\/08\/0021.jpg?fit=576%2C768&amp;ssl=1\" class=\"alignleft size-full wp-image-7470\" title=\"002\" src=\"https:\/\/i0.wp.com\/trine.waaktaar.com\/wp-content\/uploads\/2012\/08\/0021.jpg?resize=576%2C768\" alt=\"\" width=\"576\" height=\"768\" srcset=\"https:\/\/i0.wp.com\/www.kuretoppen.no\/wp-content\/uploads\/2012\/08\/0021.jpg?w=576&amp;ssl=1 576w, https:\/\/i0.wp.com\/www.kuretoppen.no\/wp-content\/uploads\/2012\/08\/0021.jpg?resize=225%2C300&amp;ssl=1 225w, https:\/\/i0.wp.com\/www.kuretoppen.no\/wp-content\/uploads\/2012\/08\/0021.jpg?resize=112%2C150&amp;ssl=1 112w, https:\/\/i0.wp.com\/www.kuretoppen.no\/wp-content\/uploads\/2012\/08\/0021.jpg?resize=400%2C533&amp;ssl=1 400w\" sizes=\"auto, (max-width: 576px) 100vw, 576px\" \/><\/a><\/p>\n<p>Min\u00a0 yndingsonkel, for tiden alias\u00a0&#8216;Blomster-pinn&#8217; i Hagen i Hemne&#8217; skiver meget fornuftig:<\/p>\n<p><em>Et bilde av den popul\u00e6re gadd-furua som n\u00e5 samler fugleene f\u00f8r avgang til syden: &laquo;Fuglene flyver i flok n\u00e5r de blir mange nok&raquo;<\/em><\/p>\n<p><em><\/em>Noen vil muligens stusse litt ved uttrykket &#8216;gadd-furu&#8217;. Jeg vet ikke om jeg p\u00e5 st\u00e5ende fot kan komme med en god bokm\u00e5lsoversettelse, men jeg kan si s\u00e5 mye som at jeg selv\u00a0jeg ved flere anledninger i min oppvekst i Tr\u00f8ndelag har\u00a0st\u00f8tt p\u00e5 ordet &#8216;gadd&#8217; i sammenheng med ordet &#8216;sur&#8217; , alts\u00e5 &#8216;gadd-sur&#8217;.\u00a0\u00a0Vanligvis har det v\u00e6rt\u00a0da blitt slengt ut i affekt av n\u00e6rtst\u00e5ende slektninger (les: bror)\u00a0 som karakteristikk av undertegnede. Heller ikke da forsto jeg meningen med ordet.<\/p>\n<p>Men fuglene ser forn\u00f8yde ut. Kanskje det har \u00e5 gj\u00f8re med at de skal p\u00e5 sydenreise? <strong>Det<\/strong> kan jeg forst\u00e5!<\/p>\n<p>&nbsp;<\/p>\n<p>&nbsp;<\/p>\n","protected":false},"excerpt":{"rendered":"<\/p>\n<p>Min yndingsonkel, for tiden alias &#8216;Blomster-pinn&#8217; i Hagen i Hemne&#8217; skiver meget fornuftig:<\/p>\n<p>Et bilde av den popul\u00e6re gadd-furua som n\u00e5 samler fugleene f\u00f8r avgang til syden: &laquo;Fuglene flyver i flok n\u00e5r de blir mange nok&raquo;<\/p>\n<p>Noen vil muligens stusse litt ved uttrykket &#8216;gadd-furu&#8217;. Jeg vet ikke om jeg p\u00e5 st\u00e5ende fot kan komme [&#8230;]<\/p>\n","protected":false},"author":1,"featured_media":0,"comment_status":"open","ping_status":"open","sticky":false,"template":"","format":"standard","meta":{"jetpack_post_was_ever_published":false,"_jetpack_newsletter_access":"","_jetpack_dont_email_post_to_subs":false,"_jetpack_newsletter_tier_id":0,"_jetpack_memberships_contains_paywalled_content":false,"_jetpack_memberships_contains_paid_content":false,"footnotes":"","jetpack_publicize_message":"","jetpack_publicize_feature_enabled":true,"jetpack_social_post_already_shared":false,"jetpack_social_options":{"image_generator_settings":{"template":"highway","default_image_id":0,"font":"","enabled":false},"version":2}},"categories":[217],"tags":[],"class_list":["post-7469","post","type-post","status-publish","format-standard","hentry","category-hagen-i-hemne","odd"],"aioseo_notices":[],"jetpack_publicize_connections":[],"jetpack_featured_media_url":"","jetpack_shortlink":"https:\/\/wp.me\/p6gK7b-1Wt","jetpack-related-posts":[],"jetpack_sharing_enabled":true,"_links":{"self":[{"href":"https:\/\/www.kuretoppen.no\/index.php?rest_route=\/wp\/v2\/posts\/7469","targetHints":{"allow":["GET"]}}],"collection":[{"href":"https:\/\/www.kuretoppen.no\/index.php?rest_route=\/wp\/v2\/posts"}],"about":[{"href":"https:\/\/www.kuretoppen.no\/index.php?rest_route=\/wp\/v2\/types\/post"}],"author":[{"embeddable":true,"href":"https:\/\/www.kuretoppen.no\/index.php?rest_route=\/wp\/v2\/users\/1"}],"replies":[{"embeddable":true,"href":"https:\/\/www.kuretoppen.no\/index.php?rest_route=%2Fwp%2Fv2%2Fcomments&post=7469"}],"version-history":[{"count":0,"href":"https:\/\/www.kuretoppen.no\/index.php?rest_route=\/wp\/v2\/posts\/7469\/revisions"}],"wp:attachment":[{"href":"https:\/\/www.kuretoppen.no\/index.php?rest_route=%2Fwp%2Fv2%2Fmedia&parent=7469"}],"wp:term":[{"taxonomy":"category","embeddable":true,"href":"https:\/\/www.kuretoppen.no\/index.php?rest_route=%2Fwp%2Fv2%2Fcategories&post=7469"},{"taxonomy":"post_tag","embeddable":true,"href":"https:\/\/www.kuretoppen.no\/index.php?rest_route=%2Fwp%2Fv2%2Ftags&post=7469"}],"curies":[{"name":"wp","href":"https:\/\/api.w.org\/{rel}","templated":true}]}}